{"id":161,"date":"2019-12-14T08:40:17","date_gmt":"2019-12-14T11:40:17","guid":{"rendered":"http:\/\/caminhovivo.com\/?p=161"},"modified":"2019-12-14T08:40:17","modified_gmt":"2019-12-14T11:40:17","slug":"porque-comecar-com-historia-do-brasil","status":"publish","type":"post","link":"https:\/\/caminhovivo.com\/index.php\/2019\/12\/14\/porque-comecar-com-historia-do-brasil\/","title":{"rendered":"Porque come\u00e7ar com Hist\u00f3ria do Brasil"},"content":{"rendered":"\n<p>Alguns curr\u00edculos iniciam o estudo da Hist\u00f3ria pela Hist\u00f3ria antiga, afinal, \u00e9 o in\u00edcio da hist\u00f3ria de toda a humanidade. N\u00f3s preferimos seguir a sugest\u00e3o de Charlotte Mason e come\u00e7ar com a Hist\u00f3ria do Brasil. <\/p>\n\n\n\n<p>Esperamos que a crian\u00e7a crie rela\u00e7\u00f5es com o conhecimento e iniciar com a Hist\u00f3ria do Brasil \u00e9 poder utilizar a hist\u00f3ria da pr\u00f3pria crian\u00e7a e de sua cultura, e lev\u00e1-la expandir seu conhecimento sobre si mesma. <\/p>\n\n\n\n<p>\u00c9 claro que a Hist\u00f3ria das Civiliza\u00e7\u00f5es iniciais tamb\u00e9m \u00e9 nossa hist\u00f3ria enquanto humanidade mas, \u00e9 nas ruas com nome de militares brasileiros que caminhamos, nas cidades com nomes ind\u00edgenas que moramos, nosso idioma \u00e9 o portugu\u00eas e 7 de setembro e 15 de novembro s\u00e3o grandes feriados nos quais viajamos com a crian\u00e7as. Note como estamos dentro de nossa pr\u00f3pria hist\u00f3ria enquanto na\u00e7\u00e3o e isso torna o ensino da hist\u00f3ria de seu pr\u00f3prio pa\u00eds algo mais tang\u00edvel e mais facilmente relacion\u00e1vel para as crian\u00e7as.<\/p>\n\n\n\n<p>Tamb\u00e9m pelo estudo dos grandes homens formadores da p\u00e1tria que desenvolvemos o patriotismo e a no\u00e7\u00e3o de dever social. Aprendendo com as ideias e os pensamentos de homens e mulheres que fizeram a diferen\u00e7a na hist\u00f3ria de seu pa\u00eds percebemos a import\u00e2ncia de cada indiv\u00edduo dentro da sociedade e constru\u00edmos um patriotismo n\u00e3o emocional, n\u00e3o baseado em sentimentos mas, racional, firmado sobre a compreens\u00e3o de nossos pap\u00e9is, deveres e responsabilidades para com a na\u00e7\u00e3o e a sociedade em que vivemos.<\/p>\n\n\n\n<p>E se vamos partir do in\u00edcio de nossa pr\u00f3pria na\u00e7\u00e3o, porque n\u00e3o come\u00e7ar com a \u00e9poca mais lend\u00e1ria e cheia de corajosos desbravadores que \u00e9 a \u00e9poca do descobrimento?<\/p>\n\n\n\n<div class=\"wp-block-group\"><div class=\"wp-block-group__inner-container is-layout-flow wp-block-group-is-layout-flow\">\n<blockquote class=\"wp-block-quote is-layout-flow wp-block-quote-is-layout-flow\"><p>Mas toda na\u00e7\u00e3o tem sua idade heroica antes do in\u00edcio da hist\u00f3ria aut\u00eantica: &#8216;naqueles dias, havia gigantes sobre a terra&#8217;, e a crian\u00e7a deseja saber sobre eles. Ela tem todo o direito de se deleitar em tais mitos cl\u00e1ssicos que possu\u00edmos como na\u00e7\u00e3o&#8221;.<\/p><cite>Charlotte Mason, Educa\u00e7\u00e3o no Lar<\/cite><\/blockquote>\n<\/div><\/div>\n\n\n\n<p>.<\/p>\n\n\n\n<p>.<\/p>\n\n\n\n<div class=\"wp-block-image\"><figure class=\"aligncenter size-large\"><img decoding=\"async\" src=\"http:\/\/caminhovivo.com\/wp-content\/uploads\/2019\/12\/Schaeffel2.jpg\" alt=\"\" class=\"wp-image-167\"\/><figcaption> <em>\u00a0\u00d3leo sobre tela, Ernesto Frederico Scheffel<\/em> <\/figcaption><\/figure><\/div>\n\n\n\n<div class=\"wp-block-group\"><div class=\"wp-block-group__inner-container is-layout-flow wp-block-group-is-layout-flow\">\n<div class=\"wp-block-group has-very-light-gray-background-color has-background\"><div class=\"wp-block-group__inner-container is-layout-flow wp-block-group-is-layout-flow\">\n<p>Quer saber mais sobre cronologia para estudo da Historia? Acesse <a href=\"https:\/\/maedecatarina.wordpress.com\/\">maedecatarina.wordpress.com<\/a> , l\u00e1 h\u00e1 um modelo de <a href=\"https:\/\/maedecatarina.wordpress.com\/2019\/05\/08\/um-programa-para-o-estudo-da-historia\/\">cronograma<\/a> e <a href=\"https:\/\/maedecatarina.wordpress.com\/category\/historia\/\">indica\u00e7\u00f5es de livros<\/a>.<\/p>\n<\/div><\/div>\n<\/div><\/div>\n\n\n\n<p><\/p>\n","protected":false},"excerpt":{"rendered":"<p>Alguns curr\u00edculos iniciam o estudo da Hist\u00f3ria pela Hist\u00f3ria antiga, afinal, \u00e9 o in\u00edcio da hist\u00f3ria de toda a humanidade. N\u00f3s preferimos seguir a sugest\u00e3o de Charlotte Mason e come\u00e7ar com a Hist\u00f3ria do Brasil. Esperamos que a crian\u00e7a crie rela\u00e7\u00f5es com o conhecimento e iniciar com a Hist\u00f3ria do Brasil \u00e9 poder utilizar a &hellip;<\/p>\n<p class=\"read-more\"> <a class=\"\" href=\"https:\/\/caminhovivo.com\/index.php\/2019\/12\/14\/porque-comecar-com-historia-do-brasil\/\"> <span class=\"screen-reader-text\">Porque come\u00e7ar com Hist\u00f3ria do Brasil<\/span> Leia mais &raquo;<\/a><\/p>\n","protected":false},"author":1,"featured_media":0,"comment_status":"open","ping_status":"open","sticky":false,"template":"","format":"standard","meta":{"site-sidebar-layout":"default","site-content-layout":"default","ast-global-header-display":"","ast-main-header-display":"","ast-hfb-above-header-display":"","ast-hfb-below-header-display":"","ast-hfb-mobile-header-display":"","site-post-title":"","ast-breadcrumbs-content":"","ast-featured-img":"","footer-sml-layout":"","theme-transparent-header-meta":"","adv-header-id-meta":"","stick-header-meta":"","header-above-stick-meta":"","header-main-stick-meta":"","header-below-stick-meta":"","footnotes":""},"categories":[7,8],"tags":[],"class_list":["post-161","post","type-post","status-publish","format-standard","hentry","category-historia","category-historia-do-brasil"],"yoast_head":"<!-- This site is optimized with the Yoast SEO plugin v23.5 - https:\/\/yoast.com\/wordpress\/plugins\/seo\/ -->\n<title>Porque come\u00e7ar com Hist\u00f3ria do Brasil - Caminho Vivo<\/title>\n<meta name=\"robots\" content=\"index, follow, max-snippet:-1, max-image-preview:large, max-video-preview:-1\" \/>\n<link rel=\"canonical\" href=\"https:\/\/caminhovivo.com\/index.php\/2019\/12\/14\/porque-comecar-com-historia-do-brasil\/\" \/>\n<meta property=\"og:locale\" content=\"pt_BR\" \/>\n<meta property=\"og:type\" content=\"article\" \/>\n<meta property=\"og:title\" content=\"Porque come\u00e7ar com Hist\u00f3ria do Brasil - Caminho Vivo\" \/>\n<meta property=\"og:description\" content=\"Alguns curr\u00edculos iniciam o estudo da Hist\u00f3ria pela Hist\u00f3ria antiga, afinal, \u00e9 o in\u00edcio da hist\u00f3ria de toda a humanidade. N\u00f3s preferimos seguir a sugest\u00e3o de Charlotte Mason e come\u00e7ar com a Hist\u00f3ria do Brasil. Esperamos que a crian\u00e7a crie rela\u00e7\u00f5es com o conhecimento e iniciar com a Hist\u00f3ria do Brasil \u00e9 poder utilizar a &hellip; Porque come\u00e7ar com Hist\u00f3ria do Brasil Leia mais &raquo;\" \/>\n<meta property=\"og:url\" content=\"https:\/\/caminhovivo.com\/index.php\/2019\/12\/14\/porque-comecar-com-historia-do-brasil\/\" \/>\n<meta property=\"og:site_name\" content=\"Caminho Vivo\" \/>\n<meta property=\"article:published_time\" content=\"2019-12-14T11:40:17+00:00\" \/>\n<meta property=\"og:image\" content=\"http:\/\/caminhovivo.com\/wp-content\/uploads\/2019\/12\/Schaeffel2.jpg\" \/>\n<meta name=\"author\" content=\"liziehenrique\" \/>\n<meta name=\"twitter:card\" content=\"summary_large_image\" \/>\n<meta name=\"twitter:label1\" content=\"Escrito por\" \/>\n\t<meta name=\"twitter:data1\" content=\"liziehenrique\" \/>\n\t<meta name=\"twitter:label2\" content=\"Est. tempo de leitura\" \/>\n\t<meta name=\"twitter:data2\" content=\"2 minutos\" \/>\n<script type=\"application\/ld+json\" class=\"yoast-schema-graph\">{\"@context\":\"https:\/\/schema.org\",\"@graph\":[{\"@type\":\"Article\",\"@id\":\"https:\/\/caminhovivo.com\/index.php\/2019\/12\/14\/porque-comecar-com-historia-do-brasil\/#article\",\"isPartOf\":{\"@id\":\"https:\/\/caminhovivo.com\/index.php\/2019\/12\/14\/porque-comecar-com-historia-do-brasil\/\"},\"author\":{\"name\":\"liziehenrique\",\"@id\":\"https:\/\/caminhovivo.com\/#\/schema\/person\/873d1e9a1225993c9807322a44199c1d\"},\"headline\":\"Porque come\u00e7ar com Hist\u00f3ria do Brasil\",\"datePublished\":\"2019-12-14T11:40:17+00:00\",\"dateModified\":\"2019-12-14T11:40:17+00:00\",\"mainEntityOfPage\":{\"@id\":\"https:\/\/caminhovivo.com\/index.php\/2019\/12\/14\/porque-comecar-com-historia-do-brasil\/\"},\"wordCount\":404,\"commentCount\":0,\"publisher\":{\"@id\":\"https:\/\/caminhovivo.com\/#organization\"},\"image\":{\"@id\":\"https:\/\/caminhovivo.com\/index.php\/2019\/12\/14\/porque-comecar-com-historia-do-brasil\/#primaryimage\"},\"thumbnailUrl\":\"http:\/\/caminhovivo.com\/wp-content\/uploads\/2019\/12\/Schaeffel2.jpg\",\"articleSection\":[\"Historia\",\"Historia do Brasil\"],\"inLanguage\":\"pt-BR\",\"potentialAction\":[{\"@type\":\"CommentAction\",\"name\":\"Comment\",\"target\":[\"https:\/\/caminhovivo.com\/index.php\/2019\/12\/14\/porque-comecar-com-historia-do-brasil\/#respond\"]}]},{\"@type\":\"WebPage\",\"@id\":\"https:\/\/caminhovivo.com\/index.php\/2019\/12\/14\/porque-comecar-com-historia-do-brasil\/\",\"url\":\"https:\/\/caminhovivo.com\/index.php\/2019\/12\/14\/porque-comecar-com-historia-do-brasil\/\",\"name\":\"Porque come\u00e7ar com Hist\u00f3ria do Brasil - Caminho Vivo\",\"isPartOf\":{\"@id\":\"https:\/\/caminhovivo.com\/#website\"},\"primaryImageOfPage\":{\"@id\":\"https:\/\/caminhovivo.com\/index.php\/2019\/12\/14\/porque-comecar-com-historia-do-brasil\/#primaryimage\"},\"image\":{\"@id\":\"https:\/\/caminhovivo.com\/index.php\/2019\/12\/14\/porque-comecar-com-historia-do-brasil\/#primaryimage\"},\"thumbnailUrl\":\"http:\/\/caminhovivo.com\/wp-content\/uploads\/2019\/12\/Schaeffel2.jpg\",\"datePublished\":\"2019-12-14T11:40:17+00:00\",\"dateModified\":\"2019-12-14T11:40:17+00:00\",\"breadcrumb\":{\"@id\":\"https:\/\/caminhovivo.com\/index.php\/2019\/12\/14\/porque-comecar-com-historia-do-brasil\/#breadcrumb\"},\"inLanguage\":\"pt-BR\",\"potentialAction\":[{\"@type\":\"ReadAction\",\"target\":[\"https:\/\/caminhovivo.com\/index.php\/2019\/12\/14\/porque-comecar-com-historia-do-brasil\/\"]}]},{\"@type\":\"ImageObject\",\"inLanguage\":\"pt-BR\",\"@id\":\"https:\/\/caminhovivo.com\/index.php\/2019\/12\/14\/porque-comecar-com-historia-do-brasil\/#primaryimage\",\"url\":\"\",\"contentUrl\":\"\"},{\"@type\":\"BreadcrumbList\",\"@id\":\"https:\/\/caminhovivo.com\/index.php\/2019\/12\/14\/porque-comecar-com-historia-do-brasil\/#breadcrumb\",\"itemListElement\":[{\"@type\":\"ListItem\",\"position\":1,\"name\":\"In\u00edcio\",\"item\":\"https:\/\/caminhovivo.com\/\"},{\"@type\":\"ListItem\",\"position\":2,\"name\":\"Porque come\u00e7ar com Hist\u00f3ria do Brasil\"}]},{\"@type\":\"WebSite\",\"@id\":\"https:\/\/caminhovivo.com\/#website\",\"url\":\"https:\/\/caminhovivo.com\/\",\"name\":\"Caminho Vivo\",\"description\":\"Curr\u00edculo para Educa\u00e7\u00e3o Domiciliar\",\"publisher\":{\"@id\":\"https:\/\/caminhovivo.com\/#organization\"},\"potentialAction\":[{\"@type\":\"SearchAction\",\"target\":{\"@type\":\"EntryPoint\",\"urlTemplate\":\"https:\/\/caminhovivo.com\/?s={search_term_string}\"},\"query-input\":{\"@type\":\"PropertyValueSpecification\",\"valueRequired\":true,\"valueName\":\"search_term_string\"}}],\"inLanguage\":\"pt-BR\"},{\"@type\":\"Organization\",\"@id\":\"https:\/\/caminhovivo.com\/#organization\",\"name\":\"Caminho Vivo\",\"url\":\"https:\/\/caminhovivo.com\/\",\"logo\":{\"@type\":\"ImageObject\",\"inLanguage\":\"pt-BR\",\"@id\":\"https:\/\/caminhovivo.com\/#\/schema\/logo\/image\/\",\"url\":\"https:\/\/caminhovivo.com\/wp-content\/uploads\/2024\/01\/HOMESCHOOL-3.png\",\"contentUrl\":\"https:\/\/caminhovivo.com\/wp-content\/uploads\/2024\/01\/HOMESCHOOL-3.png\",\"width\":2000,\"height\":1333,\"caption\":\"Caminho Vivo\"},\"image\":{\"@id\":\"https:\/\/caminhovivo.com\/#\/schema\/logo\/image\/\"}},{\"@type\":\"Person\",\"@id\":\"https:\/\/caminhovivo.com\/#\/schema\/person\/873d1e9a1225993c9807322a44199c1d\",\"name\":\"liziehenrique\",\"image\":{\"@type\":\"ImageObject\",\"inLanguage\":\"pt-BR\",\"@id\":\"https:\/\/caminhovivo.com\/#\/schema\/person\/image\/\",\"url\":\"https:\/\/secure.gravatar.com\/avatar\/05775f4313a61736ade75637403c02f1?s=96&d=mm&r=g\",\"contentUrl\":\"https:\/\/secure.gravatar.com\/avatar\/05775f4313a61736ade75637403c02f1?s=96&d=mm&r=g\",\"caption\":\"liziehenrique\"},\"url\":\"https:\/\/caminhovivo.com\/index.php\/author\/liziehenrique\/\"}]}<\/script>\n<!-- \/ Yoast SEO plugin. -->","yoast_head_json":{"title":"Porque come\u00e7ar com Hist\u00f3ria do Brasil - Caminho Vivo","robots":{"index":"index","follow":"follow","max-snippet":"max-snippet:-1","max-image-preview":"max-image-preview:large","max-video-preview":"max-video-preview:-1"},"canonical":"https:\/\/caminhovivo.com\/index.php\/2019\/12\/14\/porque-comecar-com-historia-do-brasil\/","og_locale":"pt_BR","og_type":"article","og_title":"Porque come\u00e7ar com Hist\u00f3ria do Brasil - Caminho Vivo","og_description":"Alguns curr\u00edculos iniciam o estudo da Hist\u00f3ria pela Hist\u00f3ria antiga, afinal, \u00e9 o in\u00edcio da hist\u00f3ria de toda a humanidade. N\u00f3s preferimos seguir a sugest\u00e3o de Charlotte Mason e come\u00e7ar com a Hist\u00f3ria do Brasil. Esperamos que a crian\u00e7a crie rela\u00e7\u00f5es com o conhecimento e iniciar com a Hist\u00f3ria do Brasil \u00e9 poder utilizar a &hellip; Porque come\u00e7ar com Hist\u00f3ria do Brasil Leia mais &raquo;","og_url":"https:\/\/caminhovivo.com\/index.php\/2019\/12\/14\/porque-comecar-com-historia-do-brasil\/","og_site_name":"Caminho Vivo","article_published_time":"2019-12-14T11:40:17+00:00","og_image":[{"url":"http:\/\/caminhovivo.com\/wp-content\/uploads\/2019\/12\/Schaeffel2.jpg"}],"author":"liziehenrique","twitter_card":"summary_large_image","twitter_misc":{"Escrito por":"liziehenrique","Est. tempo de leitura":"2 minutos"},"schema":{"@context":"https:\/\/schema.org","@graph":[{"@type":"Article","@id":"https:\/\/caminhovivo.com\/index.php\/2019\/12\/14\/porque-comecar-com-historia-do-brasil\/#article","isPartOf":{"@id":"https:\/\/caminhovivo.com\/index.php\/2019\/12\/14\/porque-comecar-com-historia-do-brasil\/"},"author":{"name":"liziehenrique","@id":"https:\/\/caminhovivo.com\/#\/schema\/person\/873d1e9a1225993c9807322a44199c1d"},"headline":"Porque come\u00e7ar com Hist\u00f3ria do Brasil","datePublished":"2019-12-14T11:40:17+00:00","dateModified":"2019-12-14T11:40:17+00:00","mainEntityOfPage":{"@id":"https:\/\/caminhovivo.com\/index.php\/2019\/12\/14\/porque-comecar-com-historia-do-brasil\/"},"wordCount":404,"commentCount":0,"publisher":{"@id":"https:\/\/caminhovivo.com\/#organization"},"image":{"@id":"https:\/\/caminhovivo.com\/index.php\/2019\/12\/14\/porque-comecar-com-historia-do-brasil\/#primaryimage"},"thumbnailUrl":"http:\/\/caminhovivo.com\/wp-content\/uploads\/2019\/12\/Schaeffel2.jpg","articleSection":["Historia","Historia do Brasil"],"inLanguage":"pt-BR","potentialAction":[{"@type":"CommentAction","name":"Comment","target":["https:\/\/caminhovivo.com\/index.php\/2019\/12\/14\/porque-comecar-com-historia-do-brasil\/#respond"]}]},{"@type":"WebPage","@id":"https:\/\/caminhovivo.com\/index.php\/2019\/12\/14\/porque-comecar-com-historia-do-brasil\/","url":"https:\/\/caminhovivo.com\/index.php\/2019\/12\/14\/porque-comecar-com-historia-do-brasil\/","name":"Porque come\u00e7ar com Hist\u00f3ria do Brasil - Caminho Vivo","isPartOf":{"@id":"https:\/\/caminhovivo.com\/#website"},"primaryImageOfPage":{"@id":"https:\/\/caminhovivo.com\/index.php\/2019\/12\/14\/porque-comecar-com-historia-do-brasil\/#primaryimage"},"image":{"@id":"https:\/\/caminhovivo.com\/index.php\/2019\/12\/14\/porque-comecar-com-historia-do-brasil\/#primaryimage"},"thumbnailUrl":"http:\/\/caminhovivo.com\/wp-content\/uploads\/2019\/12\/Schaeffel2.jpg","datePublished":"2019-12-14T11:40:17+00:00","dateModified":"2019-12-14T11:40:17+00:00","breadcrumb":{"@id":"https:\/\/caminhovivo.com\/index.php\/2019\/12\/14\/porque-comecar-com-historia-do-brasil\/#breadcrumb"},"inLanguage":"pt-BR","potentialAction":[{"@type":"ReadAction","target":["https:\/\/caminhovivo.com\/index.php\/2019\/12\/14\/porque-comecar-com-historia-do-brasil\/"]}]},{"@type":"ImageObject","inLanguage":"pt-BR","@id":"https:\/\/caminhovivo.com\/index.php\/2019\/12\/14\/porque-comecar-com-historia-do-brasil\/#primaryimage","url":"","contentUrl":""},{"@type":"BreadcrumbList","@id":"https:\/\/caminhovivo.com\/index.php\/2019\/12\/14\/porque-comecar-com-historia-do-brasil\/#breadcrumb","itemListElement":[{"@type":"ListItem","position":1,"name":"In\u00edcio","item":"https:\/\/caminhovivo.com\/"},{"@type":"ListItem","position":2,"name":"Porque come\u00e7ar com Hist\u00f3ria do Brasil"}]},{"@type":"WebSite","@id":"https:\/\/caminhovivo.com\/#website","url":"https:\/\/caminhovivo.com\/","name":"Caminho Vivo","description":"Curr\u00edculo para Educa\u00e7\u00e3o Domiciliar","publisher":{"@id":"https:\/\/caminhovivo.com\/#organization"},"potentialAction":[{"@type":"SearchAction","target":{"@type":"EntryPoint","urlTemplate":"https:\/\/caminhovivo.com\/?s={search_term_string}"},"query-input":{"@type":"PropertyValueSpecification","valueRequired":true,"valueName":"search_term_string"}}],"inLanguage":"pt-BR"},{"@type":"Organization","@id":"https:\/\/caminhovivo.com\/#organization","name":"Caminho Vivo","url":"https:\/\/caminhovivo.com\/","logo":{"@type":"ImageObject","inLanguage":"pt-BR","@id":"https:\/\/caminhovivo.com\/#\/schema\/logo\/image\/","url":"https:\/\/caminhovivo.com\/wp-content\/uploads\/2024\/01\/HOMESCHOOL-3.png","contentUrl":"https:\/\/caminhovivo.com\/wp-content\/uploads\/2024\/01\/HOMESCHOOL-3.png","width":2000,"height":1333,"caption":"Caminho Vivo"},"image":{"@id":"https:\/\/caminhovivo.com\/#\/schema\/logo\/image\/"}},{"@type":"Person","@id":"https:\/\/caminhovivo.com\/#\/schema\/person\/873d1e9a1225993c9807322a44199c1d","name":"liziehenrique","image":{"@type":"ImageObject","inLanguage":"pt-BR","@id":"https:\/\/caminhovivo.com\/#\/schema\/person\/image\/","url":"https:\/\/secure.gravatar.com\/avatar\/05775f4313a61736ade75637403c02f1?s=96&d=mm&r=g","contentUrl":"https:\/\/secure.gravatar.com\/avatar\/05775f4313a61736ade75637403c02f1?s=96&d=mm&r=g","caption":"liziehenrique"},"url":"https:\/\/caminhovivo.com\/index.php\/author\/liziehenrique\/"}]}},"_links":{"self":[{"href":"https:\/\/caminhovivo.com\/index.php\/wp-json\/wp\/v2\/posts\/161"}],"collection":[{"href":"https:\/\/caminhovivo.com\/index.php\/wp-json\/wp\/v2\/posts"}],"about":[{"href":"https:\/\/caminhovivo.com\/index.php\/wp-json\/wp\/v2\/types\/post"}],"author":[{"embeddable":true,"href":"https:\/\/caminhovivo.com\/index.php\/wp-json\/wp\/v2\/users\/1"}],"replies":[{"embeddable":true,"href":"https:\/\/caminhovivo.com\/index.php\/wp-json\/wp\/v2\/comments?post=161"}],"version-history":[{"count":8,"href":"https:\/\/caminhovivo.com\/index.php\/wp-json\/wp\/v2\/posts\/161\/revisions"}],"predecessor-version":[{"id":172,"href":"https:\/\/caminhovivo.com\/index.php\/wp-json\/wp\/v2\/posts\/161\/revisions\/172"}],"wp:attachment":[{"href":"https:\/\/caminhovivo.com\/index.php\/wp-json\/wp\/v2\/media?parent=161"}],"wp:term":[{"taxonomy":"category","embeddable":true,"href":"https:\/\/caminhovivo.com\/index.php\/wp-json\/wp\/v2\/categories?post=161"},{"taxonomy":"post_tag","embeddable":true,"href":"https:\/\/caminhovivo.com\/index.php\/wp-json\/wp\/v2\/tags?post=161"}],"curies":[{"name":"wp","href":"https:\/\/api.w.org\/{rel}","templated":true}]}}